{"id":7124,"date":"2020-12-03T19:17:08","date_gmt":"2020-12-03T19:17:08","guid":{"rendered":"https:\/\/legadochile.cl\/?p=7124"},"modified":"2022-07-15T04:32:05","modified_gmt":"2022-07-15T04:32:05","slug":"inicio-del-piloto-de-recoleccion-diferenciada-de-residuos-domiciliarios","status":"publish","type":"post","link":"https:\/\/legadochile.cl\/en\/2020\/12\/03\/inicio-del-piloto-de-recoleccion-diferenciada-de-residuos-domiciliarios\/","title":{"rendered":"Inicio del piloto de recolecci\u00f3n diferenciada de residuos domiciliarios"},"content":{"rendered":"<p>\u00a0<\/p>\n<h1 style=\"text-align: center;\"><span style=\"font-family: arial, helvetica neue, helvetica, sans-serif;\"><span style=\"background-color: #fcc30a;\"><span data-offset-key=\"7d3kb-0-0\"><span style=\"font-size: 23px;\"><strong>Inicio del piloto de recolecci\u00f3n diferenciada de residuos domiciliarios<\/strong><\/span><\/span><\/span><\/span><\/h1>\n<p>\u00a0<\/p>\n<p dir=\"ltr\">Durante noviembre comenzamos con la primera etapa del poyecto de recolecci\u00f3n diferenciada de residuos domiciliarios \u201cRecrea a tu puerta\u201d. Este se llev\u00f3 a cabo gracias a la\u00a0 implementaci\u00f3n de puntos verdes en juntas de vecinos de Puerto Varas y Llanquihue. Conoce m\u00e1s detalles del proyecto y del evento de inauguraci\u00f3n aqu\u00ed<\/p>\n<p dir=\"ltr\">La gesti\u00f3n de residuos es un tema que est\u00e1 en desarrollo en nuestro pa\u00eds, sin embargo, todo apunta a que la recolecci\u00f3n puerta a puerta de los residuos es hacia donde debemos avanzar. Actualmente en nuestra provincia existen muy pocos puntos limpios disponibles para que la comunidad pueda llevar sus residuos reciclables, limitando el proceso de ense\u00f1anza-aprendizaje en correcto reciclaje. Los sectores m\u00e1s vulnerables de la comunidad son los que tienen m\u00e1s dificultad para acceder a estos puntos limpios ya que muchas veces no cuentan con movilizaci\u00f3n para llevar vol\u00famenes m\u00e1s grandes de residuos, por lo que no tienen incentivo para reciclar.<\/p>\n<p dir=\"ltr\">Es por esto que en conjunto con\u00a0la empresa Taller Verde Sur quisimos implementar\u00a0un modelo de recolecci\u00f3n diferenciada de residuos, que le llamamos \u201cRecrea\u00a0 a tu Puerta\u201d , a trav\u00e9s de la instalaci\u00f3n de contenedores en Juntas de Vecinos de sectores vulnerables de la provincia, partiendo por Puerto Varas y Llanquihue, incluyendo capacitaciones y acompa\u00f1amiento para la comunidad.<\/p>\n<p dir=\"ltr\">El d\u00eda viernes 6 y s\u00e1bado 7 de noviembre se realiz\u00f3 la inauguraci\u00f3n de los primeros 2 puntos verdes del nuevo sistema de recolecci\u00f3n domiciliaria de ReCrea, proyecto de Fundaci\u00f3n Legado Chile.<\/p>\n<p dir=\"ltr\">La juntas de vecinos Las Cumbres en Puerto Varas y Guillermo Reinard en Llanquihue, fueron las primeras en instalar sus puntos verdes, donde se recibir\u00e1n cinco tipos de residuos: Vidrio, Metales, Hdpe, Pet y Cart\u00f3n<\/p>\n<p dir=\"ltr\">La inauguraci\u00f3n convoc\u00f3 a m\u00e1s de 15 personas por junta de vecino , donde se les capacit\u00f3 con expertos de Taller Verde Sur,\u00a0 sobre consumo responsable y correcto uso de un punto limpio. Adicionalmente, contamos con la presencia de la empresa Multiexport quienes ayudaron capacitando a los vecinos.<\/p>\n<p dir=\"ltr\">\u00a0<\/p>\n<p dir=\"ltr\"><strong>Testimonios de vecinos<\/strong><\/p>\n<p dir=\"ltr\">\u00a0<\/p>\n<p dir=\"ltr\"><span style=\"text-decoration: underline;\">Testimonio de Marcia: Pdta. Las Cumbres<\/span><\/p>\n<p dir=\"ltr\">Mi nombre es Marcia Molina como presidenta de la junta de vecinos las cumbres en Puerto Varas, ha sido muy gratificante contar con un punto verde de reciclaje y muy agradecida de Taller verdeSur por esta iniciativa en nuestro primer encuentro.<\/p>\n<p dir=\"ltr\">Tuvimos una buena acogida por parte de los vecinos incluyendo a varios ni\u00f1os que se les bautiz\u00f3 con el nombre de \u201cLa Pandilla verde\u201dquedando ellos muy felices por la incorporaci\u00f3n que se les dio. Ellos son parte importante de este proyecto ya que con su anhelo de participar ser\u00e1n un medio muy interesante para desarrollar este reciclaje, ellos ser\u00e1n la voz para ir avanzando.<\/p>\n<p dir=\"ltr\">Est\u00e1 claro que cuando uno comienza un proyecto tenemos que ser constante y para eso necesitamos el apoyo de cada vecino lo cual se ver\u00e1n beneficiados tambi\u00e9n a trav\u00e9s de no botar tantos residuos a la basura y estaremos aportando con algo muy significativo para nuestro medio ambiente.<\/p>\n<p dir=\"ltr\">Aprovecho para agradecer a Andrea Y Magdalena de la empresa Multiexport por habernos acompa\u00f1ado y ense\u00f1ado lo que ellos tambi\u00e9n hacen.<\/p>\n<p dir=\"ltr\">\u00a0<\/p>\n<p dir=\"ltr\"><span style=\"text-decoration: underline;\">Testimonio Taller Verde Sur<\/span><\/p>\n<p dir=\"ltr\">Este nuevo paso que hemos dado junto a ReCrea nos entusiasma para seguir adelante con nuestro prop\u00f3sito que es educar a todos en la recuperaci\u00f3n de residuos reciclables.<\/p>\n<p dir=\"ltr\">Esta nueva modalidad de Recrea tu Puerta nos hace ir a la vanguardia en lo que hoy se necesita para recuperar los residuos y llegar de manera significativa a las juntas de vecinos de comunas tan importantes para nuestra regi\u00f3n.<\/p>\n<p dir=\"ltr\">Paola Ducci y Mar\u00eda Jos\u00e9 Solari<\/p>\n<p dir=\"ltr\">Socias fundadoras de Taller VerdeSur<\/p>\n<p dir=\"ltr\">\u00a0<\/p>\n<p dir=\"ltr\"><span style=\"text-decoration: underline;\">Testimonio de Ernesto Aravena presidente JJVV de Maria Goreti en comuna de Llanquihue:<\/span><\/p>\n<p dir=\"ltr\">El reciclaje es muy importante para nuestra junta de vecinos.<\/p>\n<p dir=\"ltr\">Para que la gente pueda ver qu\u00e9 cosas se puedan reciclar y as\u00ed ense\u00f1arles a nuestros ni\u00f1os y j\u00f3venes para que vean lo que podemos reutilizar en nuestras casas tanto el vidrio como el pl\u00e1stico y el cart\u00f3n y as\u00ed incentivar a todos los vecinos para que trabajemos en esto.<\/p>\n<p dir=\"ltr\">Asique muchas gracias por pensar en nosotros.<\/p>\n<p>\u00a0<\/p>\n\n\n<figure class=\"wp-block-gallery has-nested-images columns-default is-cropped wp-block-gallery-1 is-layout-flex wp-block-gallery-is-layout-flex\">\n<figure class=\"wp-block-image size-large\"><img fetchpriority=\"high\" decoding=\"async\" width=\"1024\" height=\"768\" data-id=\"9254\" src=\"https:\/\/legadochile.cl\/inicio\/wp-content\/uploads\/2022\/07\/WhatsApp-Image-2020-11-06-at-19.32.38-1024x768.jpeg\" alt=\"\" class=\"wp-image-9254\" srcset=\"https:\/\/legadochile.cl\/wp-content\/uploads\/2022\/07\/WhatsApp-Image-2020-11-06-at-19.32.38-1024x768.jpeg 1024w, https:\/\/legadochile.cl\/wp-content\/uploads\/2022\/07\/WhatsApp-Image-2020-11-06-at-19.32.38-250x188.jpeg 250w, https:\/\/legadochile.cl\/wp-content\/uploads\/2022\/07\/WhatsApp-Image-2020-11-06-at-19.32.38-300x225.jpeg 300w, https:\/\/legadochile.cl\/wp-content\/uploads\/2022\/07\/WhatsApp-Image-2020-11-06-at-19.32.38-768x576.jpeg 768w, https:\/\/legadochile.cl\/wp-content\/uploads\/2022\/07\/WhatsApp-Image-2020-11-06-at-19.32.38-800x600.jpeg 800w, https:\/\/legadochile.cl\/wp-content\/uploads\/2022\/07\/WhatsApp-Image-2020-11-06-at-19.32.38-600x450.jpeg 600w, https:\/\/legadochile.cl\/wp-content\/uploads\/2022\/07\/WhatsApp-Image-2020-11-06-at-19.32.38.jpeg 1280w\" sizes=\"(max-width: 1024px) 100vw, 1024px\" \/><\/figure>\n\n\n\n<figure class=\"wp-block-image size-large\"><img decoding=\"async\" width=\"1024\" height=\"768\" data-id=\"9256\" src=\"https:\/\/legadochile.cl\/inicio\/wp-content\/uploads\/2022\/07\/WhatsApp-Image-2020-11-06-at-19.43.56-1024x768.jpeg\" alt=\"\" class=\"wp-image-9256\" srcset=\"https:\/\/legadochile.cl\/wp-content\/uploads\/2022\/07\/WhatsApp-Image-2020-11-06-at-19.43.56-1024x768.jpeg 1024w, https:\/\/legadochile.cl\/wp-content\/uploads\/2022\/07\/WhatsApp-Image-2020-11-06-at-19.43.56-250x188.jpeg 250w, https:\/\/legadochile.cl\/wp-content\/uploads\/2022\/07\/WhatsApp-Image-2020-11-06-at-19.43.56-300x225.jpeg 300w, https:\/\/legadochile.cl\/wp-content\/uploads\/2022\/07\/WhatsApp-Image-2020-11-06-at-19.43.56-768x576.jpeg 768w, https:\/\/legadochile.cl\/wp-content\/uploads\/2022\/07\/WhatsApp-Image-2020-11-06-at-19.43.56-800x600.jpeg 800w, https:\/\/legadochile.cl\/wp-content\/uploads\/2022\/07\/WhatsApp-Image-2020-11-06-at-19.43.56-600x450.jpeg 600w, https:\/\/legadochile.cl\/wp-content\/uploads\/2022\/07\/WhatsApp-Image-2020-11-06-at-19.43.56.jpeg 1280w\" sizes=\"(max-width: 1024px) 100vw, 1024px\" \/><\/figure>\n\n\n\n<figure class=\"wp-block-image size-large\"><img decoding=\"async\" width=\"1024\" height=\"768\" data-id=\"9258\" src=\"https:\/\/legadochile.cl\/inicio\/wp-content\/uploads\/2022\/07\/WhatsApp-Image-2020-11-07-at-12.05.40-1024x768.jpeg\" alt=\"\" class=\"wp-image-9258\" srcset=\"https:\/\/legadochile.cl\/wp-content\/uploads\/2022\/07\/WhatsApp-Image-2020-11-07-at-12.05.40-1024x768.jpeg 1024w, https:\/\/legadochile.cl\/wp-content\/uploads\/2022\/07\/WhatsApp-Image-2020-11-07-at-12.05.40-250x188.jpeg 250w, https:\/\/legadochile.cl\/wp-content\/uploads\/2022\/07\/WhatsApp-Image-2020-11-07-at-12.05.40-300x225.jpeg 300w, https:\/\/legadochile.cl\/wp-content\/uploads\/2022\/07\/WhatsApp-Image-2020-11-07-at-12.05.40-768x576.jpeg 768w, https:\/\/legadochile.cl\/wp-content\/uploads\/2022\/07\/WhatsApp-Image-2020-11-07-at-12.05.40-800x600.jpeg 800w, https:\/\/legadochile.cl\/wp-content\/uploads\/2022\/07\/WhatsApp-Image-2020-11-07-at-12.05.40-600x450.jpeg 600w, https:\/\/legadochile.cl\/wp-content\/uploads\/2022\/07\/WhatsApp-Image-2020-11-07-at-12.05.40.jpeg 1280w\" sizes=\"(max-width: 1024px) 100vw, 1024px\" \/><\/figure>\n\n\n\n<figure class=\"wp-block-image size-large\"><img loading=\"lazy\" decoding=\"async\" width=\"1024\" height=\"768\" data-id=\"9261\" src=\"https:\/\/legadochile.cl\/inicio\/wp-content\/uploads\/2022\/07\/WhatsApp-Image-2020-11-07-at-12.05.41-1024x768.jpeg\" alt=\"\" class=\"wp-image-9261\" srcset=\"https:\/\/legadochile.cl\/wp-content\/uploads\/2022\/07\/WhatsApp-Image-2020-11-07-at-12.05.41-1024x768.jpeg 1024w, https:\/\/legadochile.cl\/wp-content\/uploads\/2022\/07\/WhatsApp-Image-2020-11-07-at-12.05.41-250x188.jpeg 250w, https:\/\/legadochile.cl\/wp-content\/uploads\/2022\/07\/WhatsApp-Image-2020-11-07-at-12.05.41-300x225.jpeg 300w, https:\/\/legadochile.cl\/wp-content\/uploads\/2022\/07\/WhatsApp-Image-2020-11-07-at-12.05.41-768x576.jpeg 768w, https:\/\/legadochile.cl\/wp-content\/uploads\/2022\/07\/WhatsApp-Image-2020-11-07-at-12.05.41-800x600.jpeg 800w, https:\/\/legadochile.cl\/wp-content\/uploads\/2022\/07\/WhatsApp-Image-2020-11-07-at-12.05.41-600x450.jpeg 600w, https:\/\/legadochile.cl\/wp-content\/uploads\/2022\/07\/WhatsApp-Image-2020-11-07-at-12.05.41.jpeg 1280w\" sizes=\"(max-width: 1024px) 100vw, 1024px\" \/><\/figure>\n<\/figure>\n\n\n\n<p class=\"wp-block-paragraph\"><\/p>\n","protected":false},"excerpt":{"rendered":"<p>\u00a0 Inicio del piloto de recolecci\u00f3n diferenciada de residuos domiciliarios \u00a0 Durante noviembre comenzamos con la primera etapa del poyecto de recolecci\u00f3n diferenciada de residuos domiciliarios \u201cRecrea a tu puerta\u201d. Este se llev\u00f3 a cabo gracias a la\u00a0 implementaci\u00f3n de puntos verdes en juntas de vecinos de Puerto Varas y Llanquihue. Conoce m\u00e1s detalles del [&hellip;]<\/p>\n","protected":false},"author":2,"featured_media":9258,"comment_status":"closed","ping_status":"closed","sticky":false,"template":"","format":"standard","meta":{"rs_blank_template":"","rs_page_bg_color":"","slide_template_v7":"","footnotes":""},"categories":[3],"tags":[],"class_list":["post-7124","post","type-post","status-publish","format-standard","has-post-thumbnail","hentry","category-noticias"],"aioseo_notices":[],"aioseo_head":"\n\t\t<!-- All in One SEO 5.0.0.1 - aioseo.com -->\n\t<meta name=\"description\" content=\"Inicio del piloto de recolecci\u00f3n diferenciada de residuos domiciliarios Durante noviembre comenzamos con la primera etapa del poyecto de recolecci\u00f3n diferenciada de residuos domiciliarios \u201cRecrea a tu puerta\u201d. Este se llev\u00f3 a cabo gracias a la implementaci\u00f3n de puntos verdes en juntas de vecinos de Puerto Varas y Llanquihue. Conoce m\u00e1s detalles del\" \/>\n\t<meta name=\"robots\" content=\"max-image-preview:large\" \/>\n\t<meta name=\"author\" content=\"Legado Chile\"\/>\n\t<link rel=\"canonical\" href=\"https:\/\/legadochile.cl\/en\/2020\/12\/03\/inicio-del-piloto-de-recoleccion-diferenciada-de-residuos-domiciliarios\/\" \/>\n\t<meta name=\"generator\" content=\"All in One SEO (AIOSEO) 5.0.0.1\" \/>\n\t\t<meta property=\"og:locale\" content=\"en_US\" \/>\n\t\t<meta property=\"og:site_name\" content=\"Fundacion - Legado Chile\" \/>\n\t\t<meta property=\"og:type\" content=\"article\" \/>\n\t\t<meta property=\"og:title\" content=\"Inicio del piloto de recolecci\u00f3n diferenciada de residuos domiciliarios - Fundacion\" \/>\n\t\t<meta property=\"og:description\" content=\"Inicio del piloto de recolecci\u00f3n diferenciada de residuos domiciliarios Durante noviembre comenzamos con la primera etapa del poyecto de recolecci\u00f3n diferenciada de residuos domiciliarios \u201cRecrea a tu puerta\u201d. Este se llev\u00f3 a cabo gracias a la implementaci\u00f3n de puntos verdes en juntas de vecinos de Puerto Varas y Llanquihue. Conoce m\u00e1s detalles del\" \/>\n\t\t<meta property=\"og:url\" content=\"https:\/\/legadochile.cl\/en\/2020\/12\/03\/inicio-del-piloto-de-recoleccion-diferenciada-de-residuos-domiciliarios\/\" \/>\n\t\t<meta property=\"og:image\" content=\"https:\/\/legadochile.cl\/wp-content\/uploads\/2022\/08\/logoweb.png\" \/>\n\t\t<meta property=\"og:image:secure_url\" content=\"https:\/\/legadochile.cl\/wp-content\/uploads\/2022\/08\/logoweb.png\" \/>\n\t\t<meta property=\"og:image:width\" content=\"168\" \/>\n\t\t<meta property=\"og:image:height\" content=\"52\" \/>\n\t\t<meta property=\"article:published_time\" content=\"2020-12-03T19:17:08+00:00\" \/>\n\t\t<meta property=\"article:modified_time\" content=\"2022-07-15T04:32:05+00:00\" \/>\n\t\t<meta property=\"article:publisher\" content=\"https:\/\/www.facebook.com\/fundacionlegadochile\" \/>\n\t\t<meta name=\"twitter:card\" content=\"summary_large_image\" \/>\n\t\t<meta name=\"twitter:title\" content=\"Inicio del piloto de recolecci\u00f3n diferenciada de residuos domiciliarios - Fundacion\" \/>\n\t\t<meta name=\"twitter:description\" content=\"Inicio del piloto de recolecci\u00f3n diferenciada de residuos domiciliarios Durante noviembre comenzamos con la primera etapa del poyecto de recolecci\u00f3n diferenciada de residuos domiciliarios \u201cRecrea a tu puerta\u201d. Este se llev\u00f3 a cabo gracias a la implementaci\u00f3n de puntos verdes en juntas de vecinos de Puerto Varas y Llanquihue. Conoce m\u00e1s detalles del\" \/>\n\t\t<meta name=\"twitter:image\" content=\"https:\/\/legadochile.cl\/wp-content\/uploads\/2022\/08\/logoweb.png\" \/>\n\t\t<script type=\"application\/ld+json\" class=\"aioseo-schema\">\n\t\t\t{\"@context\":\"https:\\\/\\\/schema.org\",\"@graph\":[{\"@type\":\"BlogPosting\",\"@id\":\"https:\\\/\\\/legadochile.cl\\\/en\\\/2020\\\/12\\\/03\\\/inicio-del-piloto-de-recoleccion-diferenciada-de-residuos-domiciliarios\\\/#blogposting\",\"name\":\"Inicio del piloto de recolecci\\u00f3n diferenciada de residuos domiciliarios - Fundacion\",\"headline\":\"Inicio del piloto de recolecci\\u00f3n diferenciada de residuos domiciliarios\",\"author\":{\"@id\":\"https:\\\/\\\/legadochile.cl\\\/en\\\/author\\\/legadochile\\\/#author\"},\"publisher\":{\"@id\":\"https:\\\/\\\/legadochile.cl\\\/en\\\/#organization\"},\"image\":{\"@type\":\"ImageObject\",\"url\":\"https:\\\/\\\/legadochile.cl\\\/wp-content\\\/uploads\\\/2022\\\/07\\\/WhatsApp-Image-2020-11-07-at-12.05.40.jpeg\",\"width\":1280,\"height\":960},\"datePublished\":\"2020-12-03T19:17:08-04:00\",\"dateModified\":\"2022-07-15T04:32:05-04:00\",\"inLanguage\":\"en-US\",\"mainEntityOfPage\":{\"@id\":\"https:\\\/\\\/legadochile.cl\\\/en\\\/2020\\\/12\\\/03\\\/inicio-del-piloto-de-recoleccion-diferenciada-de-residuos-domiciliarios\\\/#webpage\"},\"isPartOf\":{\"@id\":\"https:\\\/\\\/legadochile.cl\\\/en\\\/2020\\\/12\\\/03\\\/inicio-del-piloto-de-recoleccion-diferenciada-de-residuos-domiciliarios\\\/#webpage\"},\"articleSection\":\"Noticias, Opcional\"},{\"@type\":\"BreadcrumbList\",\"@id\":\"https:\\\/\\\/legadochile.cl\\\/en\\\/2020\\\/12\\\/03\\\/inicio-del-piloto-de-recoleccion-diferenciada-de-residuos-domiciliarios\\\/#breadcrumblist\",\"itemListElement\":[{\"@type\":\"ListItem\",\"@id\":\"https:\\\/\\\/legadochile.cl\\\/en\\\/#listItem\",\"position\":1,\"name\":\"Home\",\"item\":\"https:\\\/\\\/legadochile.cl\\\/en\\\/\",\"nextItem\":{\"@type\":\"ListItem\",\"@id\":\"https:\\\/\\\/legadochile.cl\\\/category\\\/noticias\\\/#listItem\",\"name\":\"Noticias\"}},{\"@type\":\"ListItem\",\"@id\":\"https:\\\/\\\/legadochile.cl\\\/category\\\/noticias\\\/#listItem\",\"position\":2,\"name\":\"Noticias\",\"item\":\"https:\\\/\\\/legadochile.cl\\\/category\\\/noticias\\\/\",\"nextItem\":{\"@type\":\"ListItem\",\"@id\":\"https:\\\/\\\/legadochile.cl\\\/en\\\/2020\\\/12\\\/03\\\/inicio-del-piloto-de-recoleccion-diferenciada-de-residuos-domiciliarios\\\/#listItem\",\"name\":\"Inicio del piloto de recolecci\\u00f3n diferenciada de residuos domiciliarios\"},\"previousItem\":{\"@type\":\"ListItem\",\"@id\":\"https:\\\/\\\/legadochile.cl\\\/en\\\/#listItem\",\"name\":\"Home\"}},{\"@type\":\"ListItem\",\"@id\":\"https:\\\/\\\/legadochile.cl\\\/en\\\/2020\\\/12\\\/03\\\/inicio-del-piloto-de-recoleccion-diferenciada-de-residuos-domiciliarios\\\/#listItem\",\"position\":3,\"name\":\"Inicio del piloto de recolecci\\u00f3n diferenciada de residuos domiciliarios\",\"previousItem\":{\"@type\":\"ListItem\",\"@id\":\"https:\\\/\\\/legadochile.cl\\\/category\\\/noticias\\\/#listItem\",\"name\":\"Noticias\"}}]},{\"@type\":\"Organization\",\"@id\":\"https:\\\/\\\/legadochile.cl\\\/en\\\/#organization\",\"name\":\"Fundaci\\u00f3n Legado Chile\",\"description\":\"Restauramos humedales urbanos y formamos comunidades para cuidar el patrimonio natural de Chile.\",\"url\":\"https:\\\/\\\/legadochile.cl\\\/en\\\/\",\"logo\":{\"@type\":\"ImageObject\",\"url\":\"https:\\\/\\\/legadochile.cl\\\/wp-content\\\/uploads\\\/2022\\\/07\\\/FLC_Logotipo-03.png\",\"@id\":\"https:\\\/\\\/legadochile.cl\\\/en\\\/2020\\\/12\\\/03\\\/inicio-del-piloto-de-recoleccion-diferenciada-de-residuos-domiciliarios\\\/#organizationLogo\",\"width\":355,\"height\":314},\"image\":{\"@id\":\"https:\\\/\\\/legadochile.cl\\\/en\\\/2020\\\/12\\\/03\\\/inicio-del-piloto-de-recoleccion-diferenciada-de-residuos-domiciliarios\\\/#organizationLogo\"},\"sameAs\":[\"https:\\\/\\\/www.facebook.com\\\/fundacionlegadochile\",\"https:\\\/\\\/www.instagram.com\\\/legadochile\\\/\",\"https:\\\/\\\/www.youtube.com\\\/channel\\\/UCBRnX14T2ObHepAt-QUpPTw\",\"https:\\\/\\\/www.linkedin.com\\\/company\\\/fundacin-legado-chile\\\/\"]},{\"@type\":\"Person\",\"@id\":\"https:\\\/\\\/legadochile.cl\\\/en\\\/author\\\/legadochile\\\/#author\",\"url\":\"https:\\\/\\\/legadochile.cl\\\/en\\\/author\\\/legadochile\\\/\",\"name\":\"Legado Chile\",\"image\":{\"@type\":\"ImageObject\",\"@id\":\"https:\\\/\\\/legadochile.cl\\\/en\\\/2020\\\/12\\\/03\\\/inicio-del-piloto-de-recoleccion-diferenciada-de-residuos-domiciliarios\\\/#authorImage\",\"url\":\"https:\\\/\\\/secure.gravatar.com\\\/avatar\\\/c36ed7c7c7c0e96d66036ba202e2e674b609e644f13355ec86dd34ea5299785b?s=96&d=mm&r=g\",\"width\":96,\"height\":96,\"caption\":\"Legado Chile\"}},{\"@type\":\"WebPage\",\"@id\":\"https:\\\/\\\/legadochile.cl\\\/en\\\/2020\\\/12\\\/03\\\/inicio-del-piloto-de-recoleccion-diferenciada-de-residuos-domiciliarios\\\/#webpage\",\"url\":\"https:\\\/\\\/legadochile.cl\\\/en\\\/2020\\\/12\\\/03\\\/inicio-del-piloto-de-recoleccion-diferenciada-de-residuos-domiciliarios\\\/\",\"name\":\"Inicio del piloto de recolecci\\u00f3n diferenciada de residuos domiciliarios - Fundacion\",\"description\":\"Inicio del piloto de recolecci\\u00f3n diferenciada de residuos domiciliarios Durante noviembre comenzamos con la primera etapa del poyecto de recolecci\\u00f3n diferenciada de residuos domiciliarios \\u201cRecrea a tu puerta\\u201d. Este se llev\\u00f3 a cabo gracias a la implementaci\\u00f3n de puntos verdes en juntas de vecinos de Puerto Varas y Llanquihue. Conoce m\\u00e1s detalles del\",\"inLanguage\":\"en-US\",\"isPartOf\":{\"@id\":\"https:\\\/\\\/legadochile.cl\\\/en\\\/#website\"},\"breadcrumb\":{\"@id\":\"https:\\\/\\\/legadochile.cl\\\/en\\\/2020\\\/12\\\/03\\\/inicio-del-piloto-de-recoleccion-diferenciada-de-residuos-domiciliarios\\\/#breadcrumblist\"},\"author\":{\"@id\":\"https:\\\/\\\/legadochile.cl\\\/en\\\/author\\\/legadochile\\\/#author\"},\"creator\":{\"@id\":\"https:\\\/\\\/legadochile.cl\\\/en\\\/author\\\/legadochile\\\/#author\"},\"image\":{\"@type\":\"ImageObject\",\"url\":\"https:\\\/\\\/legadochile.cl\\\/wp-content\\\/uploads\\\/2022\\\/07\\\/WhatsApp-Image-2020-11-07-at-12.05.40.jpeg\",\"@id\":\"https:\\\/\\\/legadochile.cl\\\/en\\\/2020\\\/12\\\/03\\\/inicio-del-piloto-de-recoleccion-diferenciada-de-residuos-domiciliarios\\\/#mainImage\",\"width\":1280,\"height\":960},\"primaryImageOfPage\":{\"@id\":\"https:\\\/\\\/legadochile.cl\\\/en\\\/2020\\\/12\\\/03\\\/inicio-del-piloto-de-recoleccion-diferenciada-de-residuos-domiciliarios\\\/#mainImage\"},\"datePublished\":\"2020-12-03T19:17:08-04:00\",\"dateModified\":\"2022-07-15T04:32:05-04:00\"},{\"@type\":\"WebSite\",\"@id\":\"https:\\\/\\\/legadochile.cl\\\/en\\\/#website\",\"url\":\"https:\\\/\\\/legadochile.cl\\\/en\\\/\",\"name\":\"Fundacion\",\"description\":\"Legado Chile\",\"inLanguage\":\"en-US\",\"publisher\":{\"@id\":\"https:\\\/\\\/legadochile.cl\\\/en\\\/#organization\"}}]}\n\t\t<\/script>\n\t\t<!-- All in One SEO -->\n\n","aioseo_head_json":{"title":"Inicio del piloto de recolecci\u00f3n diferenciada de residuos domiciliarios - Fundacion","description":"Inicio del piloto de recolecci\u00f3n diferenciada de residuos domiciliarios Durante noviembre comenzamos con la primera etapa del poyecto de recolecci\u00f3n diferenciada de residuos domiciliarios \u201cRecrea a tu puerta\u201d. Este se llev\u00f3 a cabo gracias a la implementaci\u00f3n de puntos verdes en juntas de vecinos de Puerto Varas y Llanquihue. Conoce m\u00e1s detalles del","canonical_url":"https:\/\/legadochile.cl\/en\/2020\/12\/03\/inicio-del-piloto-de-recoleccion-diferenciada-de-residuos-domiciliarios\/","robots":"max-image-preview:large","keywords":"","webmasterTools":{"miscellaneous":""},"schema":{"@context":"https:\/\/schema.org","@graph":[{"@type":"BlogPosting","@id":"https:\/\/legadochile.cl\/en\/2020\/12\/03\/inicio-del-piloto-de-recoleccion-diferenciada-de-residuos-domiciliarios\/#blogposting","name":"Inicio del piloto de recolecci\u00f3n diferenciada de residuos domiciliarios - Fundacion","headline":"Inicio del piloto de recolecci\u00f3n diferenciada de residuos domiciliarios","author":{"@id":"https:\/\/legadochile.cl\/en\/author\/legadochile\/#author"},"publisher":{"@id":"https:\/\/legadochile.cl\/en\/#organization"},"image":{"@type":"ImageObject","url":"https:\/\/legadochile.cl\/wp-content\/uploads\/2022\/07\/WhatsApp-Image-2020-11-07-at-12.05.40.jpeg","width":1280,"height":960},"datePublished":"2020-12-03T19:17:08-04:00","dateModified":"2022-07-15T04:32:05-04:00","inLanguage":"en-US","mainEntityOfPage":{"@id":"https:\/\/legadochile.cl\/en\/2020\/12\/03\/inicio-del-piloto-de-recoleccion-diferenciada-de-residuos-domiciliarios\/#webpage"},"isPartOf":{"@id":"https:\/\/legadochile.cl\/en\/2020\/12\/03\/inicio-del-piloto-de-recoleccion-diferenciada-de-residuos-domiciliarios\/#webpage"},"articleSection":"Noticias, Opcional"},{"@type":"BreadcrumbList","@id":"https:\/\/legadochile.cl\/en\/2020\/12\/03\/inicio-del-piloto-de-recoleccion-diferenciada-de-residuos-domiciliarios\/#breadcrumblist","itemListElement":[{"@type":"ListItem","@id":"https:\/\/legadochile.cl\/en\/#listItem","position":1,"name":"Home","item":"https:\/\/legadochile.cl\/en\/","nextItem":{"@type":"ListItem","@id":"https:\/\/legadochile.cl\/category\/noticias\/#listItem","name":"Noticias"}},{"@type":"ListItem","@id":"https:\/\/legadochile.cl\/category\/noticias\/#listItem","position":2,"name":"Noticias","item":"https:\/\/legadochile.cl\/category\/noticias\/","nextItem":{"@type":"ListItem","@id":"https:\/\/legadochile.cl\/en\/2020\/12\/03\/inicio-del-piloto-de-recoleccion-diferenciada-de-residuos-domiciliarios\/#listItem","name":"Inicio del piloto de recolecci\u00f3n diferenciada de residuos domiciliarios"},"previousItem":{"@type":"ListItem","@id":"https:\/\/legadochile.cl\/en\/#listItem","name":"Home"}},{"@type":"ListItem","@id":"https:\/\/legadochile.cl\/en\/2020\/12\/03\/inicio-del-piloto-de-recoleccion-diferenciada-de-residuos-domiciliarios\/#listItem","position":3,"name":"Inicio del piloto de recolecci\u00f3n diferenciada de residuos domiciliarios","previousItem":{"@type":"ListItem","@id":"https:\/\/legadochile.cl\/category\/noticias\/#listItem","name":"Noticias"}}]},{"@type":"Organization","@id":"https:\/\/legadochile.cl\/en\/#organization","name":"Fundaci\u00f3n Legado Chile","description":"Restauramos humedales urbanos y formamos comunidades para cuidar el patrimonio natural de Chile.","url":"https:\/\/legadochile.cl\/en\/","logo":{"@type":"ImageObject","url":"https:\/\/legadochile.cl\/wp-content\/uploads\/2022\/07\/FLC_Logotipo-03.png","@id":"https:\/\/legadochile.cl\/en\/2020\/12\/03\/inicio-del-piloto-de-recoleccion-diferenciada-de-residuos-domiciliarios\/#organizationLogo","width":355,"height":314},"image":{"@id":"https:\/\/legadochile.cl\/en\/2020\/12\/03\/inicio-del-piloto-de-recoleccion-diferenciada-de-residuos-domiciliarios\/#organizationLogo"},"sameAs":["https:\/\/www.facebook.com\/fundacionlegadochile","https:\/\/www.instagram.com\/legadochile\/","https:\/\/www.youtube.com\/channel\/UCBRnX14T2ObHepAt-QUpPTw","https:\/\/www.linkedin.com\/company\/fundacin-legado-chile\/"]},{"@type":"Person","@id":"https:\/\/legadochile.cl\/en\/author\/legadochile\/#author","url":"https:\/\/legadochile.cl\/en\/author\/legadochile\/","name":"Legado Chile","image":{"@type":"ImageObject","@id":"https:\/\/legadochile.cl\/en\/2020\/12\/03\/inicio-del-piloto-de-recoleccion-diferenciada-de-residuos-domiciliarios\/#authorImage","url":"https:\/\/secure.gravatar.com\/avatar\/c36ed7c7c7c0e96d66036ba202e2e674b609e644f13355ec86dd34ea5299785b?s=96&d=mm&r=g","width":96,"height":96,"caption":"Legado Chile"}},{"@type":"WebPage","@id":"https:\/\/legadochile.cl\/en\/2020\/12\/03\/inicio-del-piloto-de-recoleccion-diferenciada-de-residuos-domiciliarios\/#webpage","url":"https:\/\/legadochile.cl\/en\/2020\/12\/03\/inicio-del-piloto-de-recoleccion-diferenciada-de-residuos-domiciliarios\/","name":"Inicio del piloto de recolecci\u00f3n diferenciada de residuos domiciliarios - Fundacion","description":"Inicio del piloto de recolecci\u00f3n diferenciada de residuos domiciliarios Durante noviembre comenzamos con la primera etapa del poyecto de recolecci\u00f3n diferenciada de residuos domiciliarios \u201cRecrea a tu puerta\u201d. Este se llev\u00f3 a cabo gracias a la implementaci\u00f3n de puntos verdes en juntas de vecinos de Puerto Varas y Llanquihue. Conoce m\u00e1s detalles del","inLanguage":"en-US","isPartOf":{"@id":"https:\/\/legadochile.cl\/en\/#website"},"breadcrumb":{"@id":"https:\/\/legadochile.cl\/en\/2020\/12\/03\/inicio-del-piloto-de-recoleccion-diferenciada-de-residuos-domiciliarios\/#breadcrumblist"},"author":{"@id":"https:\/\/legadochile.cl\/en\/author\/legadochile\/#author"},"creator":{"@id":"https:\/\/legadochile.cl\/en\/author\/legadochile\/#author"},"image":{"@type":"ImageObject","url":"https:\/\/legadochile.cl\/wp-content\/uploads\/2022\/07\/WhatsApp-Image-2020-11-07-at-12.05.40.jpeg","@id":"https:\/\/legadochile.cl\/en\/2020\/12\/03\/inicio-del-piloto-de-recoleccion-diferenciada-de-residuos-domiciliarios\/#mainImage","width":1280,"height":960},"primaryImageOfPage":{"@id":"https:\/\/legadochile.cl\/en\/2020\/12\/03\/inicio-del-piloto-de-recoleccion-diferenciada-de-residuos-domiciliarios\/#mainImage"},"datePublished":"2020-12-03T19:17:08-04:00","dateModified":"2022-07-15T04:32:05-04:00"},{"@type":"WebSite","@id":"https:\/\/legadochile.cl\/en\/#website","url":"https:\/\/legadochile.cl\/en\/","name":"Fundacion","description":"Legado Chile","inLanguage":"en-US","publisher":{"@id":"https:\/\/legadochile.cl\/en\/#organization"}}]},"og:locale":"en_US","og:site_name":"Fundacion - Legado Chile","og:type":"article","og:title":"Inicio del piloto de recolecci\u00f3n diferenciada de residuos domiciliarios - Fundacion","og:description":"Inicio del piloto de recolecci\u00f3n diferenciada de residuos domiciliarios Durante noviembre comenzamos con la primera etapa del poyecto de recolecci\u00f3n diferenciada de residuos domiciliarios \u201cRecrea a tu puerta\u201d. Este se llev\u00f3 a cabo gracias a la implementaci\u00f3n de puntos verdes en juntas de vecinos de Puerto Varas y Llanquihue. Conoce m\u00e1s detalles del","og:url":"https:\/\/legadochile.cl\/en\/2020\/12\/03\/inicio-del-piloto-de-recoleccion-diferenciada-de-residuos-domiciliarios\/","og:image":"https:\/\/legadochile.cl\/wp-content\/uploads\/2022\/08\/logoweb.png","og:image:secure_url":"https:\/\/legadochile.cl\/wp-content\/uploads\/2022\/08\/logoweb.png","og:image:width":168,"og:image:height":52,"article:published_time":"2020-12-03T19:17:08+00:00","article:modified_time":"2022-07-15T04:32:05+00:00","article:publisher":"https:\/\/www.facebook.com\/fundacionlegadochile","twitter:card":"summary_large_image","twitter:title":"Inicio del piloto de recolecci\u00f3n diferenciada de residuos domiciliarios - Fundacion","twitter:description":"Inicio del piloto de recolecci\u00f3n diferenciada de residuos domiciliarios Durante noviembre comenzamos con la primera etapa del poyecto de recolecci\u00f3n diferenciada de residuos domiciliarios \u201cRecrea a tu puerta\u201d. Este se llev\u00f3 a cabo gracias a la implementaci\u00f3n de puntos verdes en juntas de vecinos de Puerto Varas y Llanquihue. Conoce m\u00e1s detalles del","twitter:image":"https:\/\/legadochile.cl\/wp-content\/uploads\/2022\/08\/logoweb.png"},"aioseo_meta_data":{"post_id":"7124","title":null,"description":null,"keywords":null,"keyphrases":null,"primary_term":null,"canonical_url":null,"og_title":null,"og_description":null,"og_object_type":"default","og_image_type":"default","og_image_url":null,"og_image_width":null,"og_image_height":null,"og_image_custom_url":null,"og_image_custom_fields":null,"og_video":null,"og_custom_url":null,"og_article_section":null,"og_article_tags":null,"twitter_use_og":false,"twitter_card":"default","twitter_image_type":"default","twitter_image_url":null,"twitter_image_custom_url":null,"twitter_image_custom_fields":null,"twitter_title":null,"twitter_description":null,"schema":{"blockGraphs":[],"customGraphs":[],"default":{"data":{"Article":[],"Course":[],"Dataset":[],"FAQPage":[],"Movie":[],"Person":[],"Product":[],"ProductReview":[],"Car":[],"Recipe":[],"Service":[],"SoftwareApplication":[],"WebPage":[]},"graphName":"","isEnabled":true},"graphs":[]},"schema_type":"default","schema_type_options":null,"pillar_content":false,"robots_default":true,"robots_noindex":false,"robots_noarchive":false,"robots_nosnippet":false,"robots_nofollow":false,"robots_noimageindex":false,"robots_noodp":false,"robots_notranslate":false,"robots_max_snippet":null,"robots_max_videopreview":null,"robots_max_imagepreview":"large","priority":null,"frequency":null,"local_seo":null,"breadcrumb_settings":null,"limit_modified_date":false,"ai":null,"created":"2022-11-11 14:23:59","updated":"2025-06-07 09:04:25","seo_analyzer_scan_date":null,"focus_keyword":null,"additional_keywords":null,"truseo_locale":null},"aioseo_breadcrumb":"<div class=\"aioseo-breadcrumbs\"><span class=\"aioseo-breadcrumb\">\n\t\t\t<a href=\"https:\/\/legadochile.cl\/en\/\" title=\"Home\">Home<\/a>\n\t\t<\/span><span class=\"aioseo-breadcrumb-separator\">&raquo;<\/span><span class=\"aioseo-breadcrumb\">\n\t\t\t<a href=\"https:\/\/legadochile.cl\/category\/noticias\/\" title=\"Noticias\">Noticias<\/a>\n\t\t<\/span><span class=\"aioseo-breadcrumb-separator\">&raquo;<\/span><span class=\"aioseo-breadcrumb\">\n\t\t\tInicio del piloto de recolecci\u00f3n diferenciada de residuos domiciliarios\n\t\t<\/span><\/div>","aioseo_breadcrumb_json":[{"label":"Home","link":"https:\/\/legadochile.cl\/en\/"},{"label":"Noticias","link":"https:\/\/legadochile.cl\/category\/noticias\/"},{"label":"Inicio del piloto de recolecci\u00f3n diferenciada de residuos domiciliarios","link":"https:\/\/legadochile.cl\/en\/2020\/12\/03\/inicio-del-piloto-de-recoleccion-diferenciada-de-residuos-domiciliarios\/"}],"_links":{"self":[{"href":"https:\/\/legadochile.cl\/en\/wp-json\/wp\/v2\/posts\/7124","targetHints":{"allow":["GET"]}}],"collection":[{"href":"https:\/\/legadochile.cl\/en\/wp-json\/wp\/v2\/posts"}],"about":[{"href":"https:\/\/legadochile.cl\/en\/wp-json\/wp\/v2\/types\/post"}],"author":[{"embeddable":true,"href":"https:\/\/legadochile.cl\/en\/wp-json\/wp\/v2\/users\/2"}],"replies":[{"embeddable":true,"href":"https:\/\/legadochile.cl\/en\/wp-json\/wp\/v2\/comments?post=7124"}],"version-history":[{"count":0,"href":"https:\/\/legadochile.cl\/en\/wp-json\/wp\/v2\/posts\/7124\/revisions"}],"wp:featuredmedia":[{"embeddable":true,"href":"https:\/\/legadochile.cl\/en\/wp-json\/wp\/v2\/media\/9258"}],"wp:attachment":[{"href":"https:\/\/legadochile.cl\/en\/wp-json\/wp\/v2\/media?parent=7124"}],"wp:term":[{"taxonomy":"category","embeddable":true,"href":"https:\/\/legadochile.cl\/en\/wp-json\/wp\/v2\/categories?post=7124"},{"taxonomy":"post_tag","embeddable":true,"href":"https:\/\/legadochile.cl\/en\/wp-json\/wp\/v2\/tags?post=7124"}],"curies":[{"name":"wp","href":"https:\/\/api.w.org\/{rel}","templated":true}]}}